{"id":479,"date":"2013-10-06T09:57:01","date_gmt":"2013-10-06T06:57:01","guid":{"rendered":"http:\/\/aslantozcan.com\/?p=479"},"modified":"2013-10-06T09:58:01","modified_gmt":"2013-10-06T06:58:01","slug":"yoneticinin-kaynagi-insanlar","status":"publish","type":"post","link":"https:\/\/aslantozcan.com\/?p=479","title":{"rendered":"Y\u00f6neticinin kayna\u011f\u0131: \u0130nsanlar"},"content":{"rendered":"<p>Y\u00f6netici belirli bir kaynakla \u00e7al\u0131\u015f\u0131r: <b><i>insanlar<\/i><\/b><i>.<\/i> \u0130nsano\u011flu da kendisiyle \u00e7al\u0131\u015fmaya kalk\u0131\u015fan herkeste belirli nitelikler isteyen benzersiz bir kaynakt\u0131r.<\/p>\n<p>\u0130nsano\u011fluyla &#8220;\u00e7al\u0131\u015fmak&#8221; her zaman onu geli\u015ftirmek anlam\u0131na gelir. Bu geli\u015fmenin ald\u0131\u011f\u0131 y\u00f6n insano\u011flunun daha m\u0131 \u00fcretken yoksa nihayetinde \u00fcretkenlikten tamamen uzak m\u0131 olaca\u011f\u0131n\u0131 belirler. \u00c7ok g\u00fc\u00e7l\u00fc bir \u015fekilde vurgulanamasa dahi, bu sadece y\u00f6netilen ki\u015fi i\u00e7in de\u011fil y\u00f6netici i\u00e7in de ge\u00e7erlidir. Y\u00f6neticinin astlar\u0131n\u0131 do\u011fru y\u00f6nde geli\u015ftirip geli\u015ftirmesi, onlar\u0131n serpilip daha b\u00fcy\u00fck ve daha zengin ki\u015filer olmalar\u0131na yard\u0131mc\u0131 olup olmayaca\u011f\u0131n\u0131, kendisinin geli\u015fip geli\u015fmeyece\u011fini, serpilece\u011fini mi yoksa solaca\u011f\u0131n\u0131 m\u0131, daha zengin mi yoksa daha fakir mi olaca\u011f\u0131n\u0131, daha iyiye mi yoksa daha k\u00f6t\u00fcye mi gidece\u011fini do\u011frudan belirleyecektir.<!--more--><\/p>\n<p>\u0130nsanlar\u0131 y\u00f6netmekte baz\u0131 beceriler \u00f6rne\u011fin, bir konferans\u0131 y\u00f6netmek veya bir m\u00fclakat\u0131 yapmak \u00f6\u011frenilebilir. Ki\u015fi geli\u015fmeye yard\u0131mc\u0131 olacak uygulamalar yapabilir y\u00f6neticiyle astlar\u0131 aras\u0131ndaki ili\u015fkinin yap\u0131s\u0131nda, terfi sisteminde, kurulu\u015fun \u00f6d\u00fcl ve te\u015fviklerinde. Ama en sonunda, y\u00f6netici olmak, insanlar\u0131 geli\u015ftirmeyi, becerilerle donatmay\u0131 veya g\u00f6revin \u00f6nemini vurgulayarak olu\u015fturulamayacak temel bir niteli\u011fi gerektirir:<i> <b>Karakter b\u00fct\u00fcnl\u00fc\u011f\u00fc.<\/b><\/i><b><\/b><\/p>\n<p>Bug\u00fcnlerde, bir y\u00f6neticinin sahip olmas\u0131 gereken nitelikler olarak, insanlar\u0131 sevmek, insanlara yard\u0131mc\u0131 olmak, insanlarla iyi ge\u00e7inmek konular\u0131nda muazzam bir stres vard\u0131r. Bunlar tek ba\u015f\u0131na asla yeterli de\u011fildir. Her ba\u015far\u0131l\u0131 kurulu\u015fta insanlar\u0131 sevmeyen, onlara yard\u0131mc\u0131 olmayan ve onlarla iyi ge\u00e7inmeyen patronlar vard\u0131r. Bu so\u011fuk, sevimsiz ve \u00e7ok \u015fey isteyen insanlar \u00e7o\u011fu zaman herkesten daha \u00e7ok insan e\u011fitir ve yeti\u015ftirirler. Bu ki\u015filere, \u00e7o\u011fu sempatik insana hi\u00e7bir zaman duyulamayaca\u011f\u0131 kadar sayg\u0131 duyulur. Kendilerinden ve ba\u015fkalar\u0131ndan titiz i\u015f\u00e7ilik isterler. Y\u00fcksek standartlar koyarlar ve bunlar\u0131n yerine getirilmesini beklerler. Sadece neyin do\u011fru oldu\u011funu d\u00fc\u015f\u00fcn\u00fcrler ve asla kimin hakl\u0131 oldu\u011funu d\u00fc\u015f\u00fcnmezler. \u00c7o\u011funlukla kendileri parlak zek\u00e2l\u0131 insanlar olmalar\u0131na kar\u015f\u0131n, ba\u015fkalar\u0131nda entelekt\u00fcel zek\u00e2 parlakl\u0131\u011f\u0131n\u0131 hi\u00e7bir zaman b\u00fct\u00fcnl\u00fckten daha \u00fcst\u00fcn bir vas\u0131f olarak de\u011ferlendirmezler. Bu karakter niteliklerinden yoksun olan y\u00f6netici ne kadar sempatik, yard\u0131msever, cana yak\u0131n, hatta ne kadar i\u015finin ehli ve parlak zek\u00e2l\u0131 olursa olsun y\u00f6netici olmaya uygun olmayan tehlikeli bir insand\u0131r.<\/p>\n<p>Bir y\u00f6neticinin yapt\u0131klar\u0131 sistematik olarak incelenebilir. Bir y\u00f6neticinin yapabilmesi gereken \u015feyler \u00f6\u011frenilebilir. Ama bir nitelik vard\u0131r ki y\u00f6netici edinemez ve g\u00f6reve beraberinde getirmek zorundad\u0131r. Bu nitelik deha de\u011fildir: <b><i>karakterdir<\/i><\/b>.<\/p>\n<p>Kaynak: Peter Drucker &#8211; Y\u00f6netim<\/p>\n","protected":false},"excerpt":{"rendered":"<p>Y\u00f6netici belirli bir kaynakla \u00e7al\u0131\u015f\u0131r: insanlar. \u0130nsano\u011flu da kendisiyle \u00e7al\u0131\u015fmaya kalk\u0131\u015fan herkeste belirli nitelikler isteyen benzersiz bir kaynakt\u0131r. \u0130nsano\u011fluyla &#8220;\u00e7al\u0131\u015fmak&#8221; her zaman onu geli\u015ftirmek anlam\u0131na gelir. Bu geli\u015fmenin ald\u0131\u011f\u0131 y\u00f6n insano\u011flunun daha m\u0131 \u00fcretken yoksa nihayetinde \u00fcretkenlikten tamamen uzak m\u0131 olaca\u011f\u0131n\u0131 belirler. \u00c7ok g\u00fc\u00e7l\u00fc bir \u015fekilde vurgulanamasa dahi, bu sadece y\u00f6netilen ki\u015fi i\u00e7in de\u011fil y\u00f6netici [&hellip;]<\/p>\n","protected":false},"author":1,"featured_media":0,"comment_status":"open","ping_status":"open","sticky":false,"template":"","format":"standard","meta":[],"categories":[1],"tags":[],"_links":{"self":[{"href":"https:\/\/aslantozcan.com\/index.php?rest_route=\/wp\/v2\/posts\/479"}],"collection":[{"href":"https:\/\/aslantozcan.com\/index.php?rest_route=\/wp\/v2\/posts"}],"about":[{"href":"https:\/\/aslantozcan.com\/index.php?rest_route=\/wp\/v2\/types\/post"}],"author":[{"embeddable":true,"href":"https:\/\/aslantozcan.com\/index.php?rest_route=\/wp\/v2\/users\/1"}],"replies":[{"embeddable":true,"href":"https:\/\/aslantozcan.com\/index.php?rest_route=%2Fwp%2Fv2%2Fcomments&post=479"}],"version-history":[{"count":2,"href":"https:\/\/aslantozcan.com\/index.php?rest_route=\/wp\/v2\/posts\/479\/revisions"}],"predecessor-version":[{"id":481,"href":"https:\/\/aslantozcan.com\/index.php?rest_route=\/wp\/v2\/posts\/479\/revisions\/481"}],"wp:attachment":[{"href":"https:\/\/aslantozcan.com\/index.php?rest_route=%2Fwp%2Fv2%2Fmedia&parent=479"}],"wp:term":[{"taxonomy":"category","embeddable":true,"href":"https:\/\/aslantozcan.com\/index.php?rest_route=%2Fwp%2Fv2%2Fcategories&post=479"},{"taxonomy":"post_tag","embeddable":true,"href":"https:\/\/aslantozcan.com\/index.php?rest_route=%2Fwp%2Fv2%2Ftags&post=479"}],"curies":[{"name":"wp","href":"https:\/\/api.w.org\/{rel}","templated":true}]}}